{"id":7030,"date":"2025-04-04T02:35:58","date_gmt":"2025-04-04T05:35:58","guid":{"rendered":"https:\/\/diarium.studio-one.art.br\/blog\/?p=7030"},"modified":"2025-06-12T07:27:32","modified_gmt":"2025-06-12T10:27:32","slug":"cada-dia-estou-sendo-lembrado-da-gugi","status":"publish","type":"post","link":"https:\/\/diarium.studio-one.art.br\/blog\/cada-dia-estou-sendo-lembrado-da-gugi\/","title":{"rendered":"cada dia estou sendo lembrado da Gugi  ..."},"content":{"rendered":"\n<figure data-wp-context=\"{&quot;imageId&quot;:&quot;69f439ae895bf&quot;}\" data-wp-interactive=\"core\/image\" class=\"wp-block-image size-large wp-lightbox-container\"><img decoding=\"async\" data-wp-class--hide=\"state.isContentHidden\" data-wp-class--show=\"state.isContentVisible\" data-wp-init=\"callbacks.setButtonStyles\" data-wp-on-async--click=\"actions.showLightbox\" data-wp-on-async--load=\"callbacks.setButtonStyles\" data-wp-on-async-window--resize=\"callbacks.setButtonStyles\" src=\"https:\/\/diarium.studio-one.art.br\/blog\/wp-content\/uploads\/projects\/my_cats\/MC_gugies_quinto_elemento_DSC07976-1.jpg\" alt=\"Studio-One.Art.br Repo Fotografia em Rio Preto SP\/Brasil\"\/><button\n\t\t\tclass=\"lightbox-trigger\"\n\t\t\ttype=\"button\"\n\t\t\taria-haspopup=\"dialog\"\n\t\t\taria-label=\"Ampliar\"\n\t\t\tdata-wp-init=\"callbacks.initTriggerButton\"\n\t\t\tdata-wp-on-async--click=\"actions.showLightbox\"\n\t\t\tdata-wp-style--right=\"state.imageButtonRight\"\n\t\t\tdata-wp-style--top=\"state.imageButtonTop\"\n\t\t>\n\t\t\t<svg xmlns=\"http:\/\/www.w3.org\/2000\/svg\" width=\"12\" height=\"12\" fill=\"none\" viewBox=\"0 0 12 12\">\n\t\t\t\t<path fill=\"#fff\" d=\"M2 0a2 2 0 0 0-2 2v2h1.5V2a.5.5 0 0 1 .5-.5h2V0H2Zm2 10.5H2a.5.5 0 0 1-.5-.5V8H0v2a2 2 0 0 0 2 2h2v-1.5ZM8 12v-1.5h2a.5.5 0 0 0 .5-.5V8H12v2a2 2 0 0 1-2 2H8Zm2-12a2 2 0 0 1 2 2v2h-1.5V2a.5.5 0 0 0-.5-.5H8V0h2Z\" \/>\n\t\t\t<\/svg>\n\t\t<\/button><\/figure>\n\n\n\n<p>pela sua filha, a Peggy aqui com 2\/3 dias de vida, dormiu desde o primeiro instante na minha m\u00e3o instantaneamente, depois com dez dias consegui tirar a tampa do ralo da lavandaria e caiu, foi o primeiro resgate e o primeiro banho em seguida, j\u00e1 com um m\u00eas come\u00e7ou mexer com meus halteres e consegui tirar um da mesa que caiu junto no ch\u00e3o com ela, sorte que s\u00f3 machucou um pouco a perna e mancou uns dias, e com o crescimento mostrou que herdou todas as carater\u00edsticas de comportamento da m\u00e3e e guardou at\u00e9 hoje, o mais diferente dos outros gatos, ela n\u00e3o vem com a cabe\u00e7a encostando para pedir carinho, ela vem andando na minha frente de um lado pr\u00f3 outro e tenho que pegar a ponta do rabinho e deslisar pela m\u00e3o algumas vezes, da\u00ed de repente vem e deita no meu lado ou no colo onde quiser com e tenho que dar carinho na barriga, acho muito engra\u00e7ado isso, e assim ela \u00e9 com uma s\u00e9rie de outros comportamentos diferentes, talvez porque a Gugi era do mato sem contato com humanos antes, da\u00ed teve que inventar coisas novas, coisas delas, porque n\u00e3o conhecia muitas, especialmente o carinho de humano foi algo novo<\/p>\n","protected":false},"excerpt":{"rendered":"<p>pela sua filha, a Peggy aqui com 2 dias de vida, dormiu desde o primeiro instante na minha m\u00e3o instantaneamente, depois com dez dias consegui tirar a tampa do ralo da lavandaria e caiu, foi o primeiro resgate e o primeiro banho em seguida, j\u00e1 com um m\u00eas come\u00e7ou mexer com meus halteres e consegui [&hellip;]<\/p>\n","protected":false},"author":1,"featured_media":4736,"comment_status":"open","ping_status":"open","sticky":false,"template":"","format":"standard","meta":{"pgc_sgb_lightbox_settings":"","footnotes":""},"categories":[6],"tags":[],"class_list":["post-7030","post","type-post","status-publish","format-standard","has-post-thumbnail","hentry","category-meus-gatos"],"_links":{"self":[{"href":"https:\/\/diarium.studio-one.art.br\/blog\/wp-json\/wp\/v2\/posts\/7030","targetHints":{"allow":["GET"]}}],"collection":[{"href":"https:\/\/diarium.studio-one.art.br\/blog\/wp-json\/wp\/v2\/posts"}],"about":[{"href":"https:\/\/diarium.studio-one.art.br\/blog\/wp-json\/wp\/v2\/types\/post"}],"author":[{"embeddable":true,"href":"https:\/\/diarium.studio-one.art.br\/blog\/wp-json\/wp\/v2\/users\/1"}],"replies":[{"embeddable":true,"href":"https:\/\/diarium.studio-one.art.br\/blog\/wp-json\/wp\/v2\/comments?post=7030"}],"version-history":[{"count":0,"href":"https:\/\/diarium.studio-one.art.br\/blog\/wp-json\/wp\/v2\/posts\/7030\/revisions"}],"wp:featuredmedia":[{"embeddable":true,"href":"https:\/\/diarium.studio-one.art.br\/blog\/wp-json\/wp\/v2\/media\/4736"}],"wp:attachment":[{"href":"https:\/\/diarium.studio-one.art.br\/blog\/wp-json\/wp\/v2\/media?parent=7030"}],"wp:term":[{"taxonomy":"category","embeddable":true,"href":"https:\/\/diarium.studio-one.art.br\/blog\/wp-json\/wp\/v2\/categories?post=7030"},{"taxonomy":"post_tag","embeddable":true,"href":"https:\/\/diarium.studio-one.art.br\/blog\/wp-json\/wp\/v2\/tags?post=7030"}],"curies":[{"name":"wp","href":"https:\/\/api.w.org\/{rel}","templated":true}]}}