{"id":5747,"date":"2025-02-02T05:41:36","date_gmt":"2025-02-02T08:41:36","guid":{"rendered":"https:\/\/diarium.studio-one.art.br\/blog\/?p=5747"},"modified":"2025-06-12T07:27:36","modified_gmt":"2025-06-12T10:27:36","slug":"mercado-de-usados-esta-maluco","status":"publish","type":"post","link":"https:\/\/diarium.studio-one.art.br\/blog\/mercado-de-usados-esta-maluco\/","title":{"rendered":"mercado de usados est\u00e1 maluco ..."},"content":{"rendered":"\n<figure data-wp-context=\"{&quot;imageId&quot;:&quot;69f27989a139f&quot;}\" data-wp-interactive=\"core\/image\" class=\"wp-block-image size-full wp-lightbox-container\"><img loading=\"lazy\" decoding=\"async\" width=\"2048\" height=\"1365\" data-wp-class--hide=\"state.isContentHidden\" data-wp-class--show=\"state.isContentVisible\" data-wp-init=\"callbacks.setButtonStyles\" data-wp-on-async--click=\"actions.showLightbox\" data-wp-on-async--load=\"callbacks.setButtonStyles\" data-wp-on-async-window--resize=\"callbacks.setButtonStyles\" src=\"https:\/\/diarium.studio-one.art.br\/blog\/wp-content\/uploads\/2022-06-1621-8.jpg\" alt=\"Studio-One.Art.br Repo Fotografia em Rio Preto SP\/Brasil\" class=\"wp-image-5270\" srcset=\"https:\/\/diarium.studio-one.art.br\/blog\/wp-content\/uploads\/2022-06-1621-8.jpg 2048w, https:\/\/diarium.studio-one.art.br\/blog\/wp-content\/uploads\/2022-06-1621-8-850x567.jpg 850w, https:\/\/diarium.studio-one.art.br\/blog\/wp-content\/uploads\/2022-06-1621-8-1280x853.jpg 1280w, https:\/\/diarium.studio-one.art.br\/blog\/wp-content\/uploads\/2022-06-1621-8-300x200.jpg 300w\" sizes=\"auto, (max-width: 2048px) 100vw, 2048px\" \/><button\n\t\t\tclass=\"lightbox-trigger\"\n\t\t\ttype=\"button\"\n\t\t\taria-haspopup=\"dialog\"\n\t\t\taria-label=\"Ampliar\"\n\t\t\tdata-wp-init=\"callbacks.initTriggerButton\"\n\t\t\tdata-wp-on-async--click=\"actions.showLightbox\"\n\t\t\tdata-wp-style--right=\"state.imageButtonRight\"\n\t\t\tdata-wp-style--top=\"state.imageButtonTop\"\n\t\t>\n\t\t\t<svg xmlns=\"http:\/\/www.w3.org\/2000\/svg\" width=\"12\" height=\"12\" fill=\"none\" viewBox=\"0 0 12 12\">\n\t\t\t\t<path fill=\"#fff\" d=\"M2 0a2 2 0 0 0-2 2v2h1.5V2a.5.5 0 0 1 .5-.5h2V0H2Zm2 10.5H2a.5.5 0 0 1-.5-.5V8H0v2a2 2 0 0 0 2 2h2v-1.5ZM8 12v-1.5h2a.5.5 0 0 0 .5-.5V8H12v2a2 2 0 0 1-2 2H8Zm2-12a2 2 0 0 1 2 2v2h-1.5V2a.5.5 0 0 0-.5-.5H8V0h2Z\" \/>\n\t\t\t<\/svg>\n\t\t<\/button><\/figure>\n\n\n\n<p>j\u00e1 antes da disparada do d\u00f3lar, agora s\u00f3 mais denso ainda, equipamentos de fotografia alcan\u00e7aram um limite al\u00e9m das nuvens, os pre\u00e7os irracionais, sabich\u00f5es tentando vender material arrega\u00e7ado a pre\u00e7o de novo, sempre teve essa tend\u00eancia de uns meninos da profiss\u00e3o filhote do papai se achando dono do mundo porque conseguem comprar nos EUA e trazer na mala querendo aproveitar os menos favorecidos que dependem dos equipamentos nacionais, outras tend\u00eancias que a marca Sony virou \"queridinha dos film-makers capotados\", hoje voc\u00ea aparece com uma Sony na m\u00e3o e j\u00e1 vem essa de \"t\u00e1 filmando o qu\u00ea?\", ahhh vai pr\u00f3 PQP, sou fot\u00f3grafo, ou essa, quantas fotos essa consegue fazer por segundo? eeeeeeh .... nem contar com aqueles que n\u00e3o sabem o modelo de c\u00e2mera que est\u00e3o vendendo ou escrevem o nome da marca errada, e para n\u00e3o esquecer, quando vem com essa de \"zerada\" e pior quando dizem  \"zeraaa\" come\u00e7o arrepiar e sei que estou no mundo dos analfabetos sem l\u00edngua, sem ortografia e sem gram\u00e1tica ... seriamente estou pensando mudar de marca, comprar uma Nikon DSLR, ser\u00e1 que vai dar certo?<\/p>\n\n\n\n<p><\/p>\n","protected":false},"excerpt":{"rendered":"<p>j\u00e1 antes da disparada do d\u00f3lar, agora s\u00f3 mais denso ainda, equipamentos de fotografia alcan\u00e7aram um limite al\u00e9m das nuvens, os pre\u00e7os irracionais, sabich\u00f5es tentando vender material arrega\u00e7ado a pre\u00e7o de novo, sempre teve essa tend\u00eancia de uns meninos da profiss\u00e3o filhote do papai se achando dono do mundo porque conseguem comprar nos EUA e [&hellip;]<\/p>\n","protected":false},"author":1,"featured_media":5270,"comment_status":"open","ping_status":"open","sticky":false,"template":"","format":"standard","meta":{"pgc_sgb_lightbox_settings":"","footnotes":""},"categories":[26],"tags":[],"class_list":["post-5747","post","type-post","status-publish","format-standard","has-post-thumbnail","hentry","category-fotografia"],"_links":{"self":[{"href":"https:\/\/diarium.studio-one.art.br\/blog\/wp-json\/wp\/v2\/posts\/5747","targetHints":{"allow":["GET"]}}],"collection":[{"href":"https:\/\/diarium.studio-one.art.br\/blog\/wp-json\/wp\/v2\/posts"}],"about":[{"href":"https:\/\/diarium.studio-one.art.br\/blog\/wp-json\/wp\/v2\/types\/post"}],"author":[{"embeddable":true,"href":"https:\/\/diarium.studio-one.art.br\/blog\/wp-json\/wp\/v2\/users\/1"}],"replies":[{"embeddable":true,"href":"https:\/\/diarium.studio-one.art.br\/blog\/wp-json\/wp\/v2\/comments?post=5747"}],"version-history":[{"count":0,"href":"https:\/\/diarium.studio-one.art.br\/blog\/wp-json\/wp\/v2\/posts\/5747\/revisions"}],"wp:featuredmedia":[{"embeddable":true,"href":"https:\/\/diarium.studio-one.art.br\/blog\/wp-json\/wp\/v2\/media\/5270"}],"wp:attachment":[{"href":"https:\/\/diarium.studio-one.art.br\/blog\/wp-json\/wp\/v2\/media?parent=5747"}],"wp:term":[{"taxonomy":"category","embeddable":true,"href":"https:\/\/diarium.studio-one.art.br\/blog\/wp-json\/wp\/v2\/categories?post=5747"},{"taxonomy":"post_tag","embeddable":true,"href":"https:\/\/diarium.studio-one.art.br\/blog\/wp-json\/wp\/v2\/tags?post=5747"}],"curies":[{"name":"wp","href":"https:\/\/api.w.org\/{rel}","templated":true}]}}