{"id":11543,"date":"2026-01-10T18:57:24","date_gmt":"2026-01-10T10:12:24","guid":{"rendered":"https:\/\/diarium.studio-one.art.br\/blog\/?p=11543"},"modified":"2026-01-10T18:57:42","modified_gmt":"2026-01-10T10:12:42","slug":"estrangulei-eela","status":"publish","type":"post","link":"https:\/\/diarium.studio-one.art.br\/blog\/estrangulei-eela\/","title":{"rendered":"estrangulei eela ..."},"content":{"rendered":"\n<div class=\"wp-block-group iibi-3r-group has-background is-layout-flow wp-block-group-is-layout-flow\" style=\"background-color:#00000085);padding:15px 15px\">\n<div class=\"wp-block-columns iibi-row-1 is-layout-flex wp-container-core-columns-is-layout-28f84493 wp-block-columns-is-layout-flex\">\n<div class=\"wp-block-column is-layout-flow wp-block-column-is-layout-flow\">\n<figure class=\"wp-block-image aligncenter size-full\"><a href=\"https:\/\/diarium.studio-one.art.br\/blog\/wp-content\/uploads\/projects\/natureza\/IMG_20260110_070306.jpg\"><img loading=\"lazy\" decoding=\"async\" width=\"1599\" height=\"2000\" src=\"https:\/\/diarium.studio-one.art.br\/blog\/wp-content\/uploads\/projects\/natureza\/IMG_20260110_070306.jpg\" alt=\" Ensaios e Fotografia Profissional em Rio Preto SP\/Brasil\" class=\"wp-image-11542\" srcset=\"https:\/\/diarium.studio-one.art.br\/blog\/wp-content\/uploads\/projects\/natureza\/IMG_20260110_070306.jpg 1599w, https:\/\/diarium.studio-one.art.br\/blog\/wp-content\/uploads\/projects\/natureza\/IMG_20260110_070306-850x1063.jpg 850w, https:\/\/diarium.studio-one.art.br\/blog\/wp-content\/uploads\/projects\/natureza\/IMG_20260110_070306-1280x1601.jpg 1280w, https:\/\/diarium.studio-one.art.br\/blog\/wp-content\/uploads\/projects\/natureza\/IMG_20260110_070306-300x375.jpg 300w\" sizes=\"auto, (max-width: 1599px) 100vw, 1599px\" \/><\/a><\/figure>\n<\/div>\n<\/div>\n\n\n\n<div class=\"wp-block-columns iibi-row-2 is-layout-flex wp-container-core-columns-is-layout-28f84493 wp-block-columns-is-layout-flex\">\n<div class=\"wp-block-column is-layout-flow wp-block-column-is-layout-flow\">\n<p>minhas aroeiras cresceram muito r\u00e1pido, essa j\u00e1 alcan\u00e7ou tr\u00eas metros, mas o tronco estava muito fino, enrolei arame na altura de 1,50m e a parte inferior engrossou bastante, no p\u00e9 dele j\u00e1 est\u00e1 com 6 cm de di\u00e2metro agora e acredito o risco de quebrar diminuiu, soltei o arame hoje e vou observar <\/p>\n<\/div>\n<\/div>\n\n\n\n<div class=\"wp-block-columns iibi-row-3 is-layout-flex wp-container-core-columns-is-layout-28f84493 wp-block-columns-is-layout-flex\">\n<div class=\"wp-block-column is-layout-flow wp-block-column-is-layout-flow\"><\/div>\n<\/div>\n<\/div>\n","protected":false},"excerpt":{"rendered":"<p>minhas aroeiras cresceram muito r\u00e1pido, essa j\u00e1 alcan\u00e7ou tr\u00eas metros, mas o tronco estava muito fino, enrolei arame na altura de 1m e a parte inferior engrossou bastante, no p\u00e9 dele j\u00e1 est\u00e1 com 6 cm de di\u00e2metro agora e acredito o risco de quebrar diminuiu, soltei o arame hoje e vou observar<\/p>\n","protected":false},"author":1,"featured_media":11542,"comment_status":"open","ping_status":"open","sticky":false,"template":"","format":"standard","meta":{"pgc_sgb_lightbox_settings":"","footnotes":""},"categories":[4],"tags":[],"class_list":["post-11543","post","type-post","status-publish","format-standard","has-post-thumbnail","hentry","category-natureza"],"_links":{"self":[{"href":"https:\/\/diarium.studio-one.art.br\/blog\/wp-json\/wp\/v2\/posts\/11543","targetHints":{"allow":["GET"]}}],"collection":[{"href":"https:\/\/diarium.studio-one.art.br\/blog\/wp-json\/wp\/v2\/posts"}],"about":[{"href":"https:\/\/diarium.studio-one.art.br\/blog\/wp-json\/wp\/v2\/types\/post"}],"author":[{"embeddable":true,"href":"https:\/\/diarium.studio-one.art.br\/blog\/wp-json\/wp\/v2\/users\/1"}],"replies":[{"embeddable":true,"href":"https:\/\/diarium.studio-one.art.br\/blog\/wp-json\/wp\/v2\/comments?post=11543"}],"version-history":[{"count":0,"href":"https:\/\/diarium.studio-one.art.br\/blog\/wp-json\/wp\/v2\/posts\/11543\/revisions"}],"wp:featuredmedia":[{"embeddable":true,"href":"https:\/\/diarium.studio-one.art.br\/blog\/wp-json\/wp\/v2\/media\/11542"}],"wp:attachment":[{"href":"https:\/\/diarium.studio-one.art.br\/blog\/wp-json\/wp\/v2\/media?parent=11543"}],"wp:term":[{"taxonomy":"category","embeddable":true,"href":"https:\/\/diarium.studio-one.art.br\/blog\/wp-json\/wp\/v2\/categories?post=11543"},{"taxonomy":"post_tag","embeddable":true,"href":"https:\/\/diarium.studio-one.art.br\/blog\/wp-json\/wp\/v2\/tags?post=11543"}],"curies":[{"name":"wp","href":"https:\/\/api.w.org\/{rel}","templated":true}]}}