{"id":11412,"date":"2025-12-05T10:43:45","date_gmt":"2025-12-05T13:43:45","guid":{"rendered":"https:\/\/diarium.studio-one.art.br\/blog\/?p=11412"},"modified":"2025-12-07T05:05:12","modified_gmt":"2025-12-06T20:20:12","slug":"muito-dificil","status":"publish","type":"post","link":"https:\/\/diarium.studio-one.art.br\/blog\/muito-dificil\/","title":{"rendered":"muito dif\u00edcil ..."},"content":{"rendered":"\n<div class=\"wp-block-group iibi-3r-group has-background is-layout-flow wp-block-group-is-layout-flow\" style=\"background-color:#00000085);padding:15px 15px\">\n<div class=\"wp-block-columns iibi-row-1 is-layout-flex wp-container-core-columns-is-layout-28f84493 wp-block-columns-is-layout-flex\">\n<div class=\"wp-block-column is-layout-flow wp-block-column-is-layout-flow\">\n<figure class=\"wp-block-image aligncenter size-full\"><a href=\"https:\/\/diarium.studio-one.art.br\/blog\/wp-content\/uploads\/projects\/my_cats\/IMG_20251205_070415.jpg\"><img loading=\"lazy\" decoding=\"async\" width=\"2000\" height=\"1690\" src=\"https:\/\/diarium.studio-one.art.br\/blog\/wp-content\/uploads\/projects\/my_cats\/IMG_20251205_070415.jpg\" alt=\" Ensaios e Fotografia Profissional em Rio Preto SP\/Brasil\" class=\"wp-image-11411\" srcset=\"https:\/\/diarium.studio-one.art.br\/blog\/wp-content\/uploads\/projects\/my_cats\/IMG_20251205_070415.jpg 2000w, https:\/\/diarium.studio-one.art.br\/blog\/wp-content\/uploads\/projects\/my_cats\/IMG_20251205_070415-850x718.jpg 850w, https:\/\/diarium.studio-one.art.br\/blog\/wp-content\/uploads\/projects\/my_cats\/IMG_20251205_070415-1280x1082.jpg 1280w, https:\/\/diarium.studio-one.art.br\/blog\/wp-content\/uploads\/projects\/my_cats\/IMG_20251205_070415-300x254.jpg 300w\" sizes=\"auto, (max-width: 2000px) 100vw, 2000px\" \/><\/a><\/figure>\n<\/div>\n<\/div>\n\n\n\n<div class=\"wp-block-columns iibi-row-2 is-layout-flex wp-container-core-columns-is-layout-28f84493 wp-block-columns-is-layout-flex\">\n<div class=\"wp-block-column is-layout-flow wp-block-column-is-layout-flow\">\n<p>de resistir da tenta\u00e7\u00e3o, a vontade de bater em adolescentes que atiram pedras em animais \u00e9 imensa, mais ainda quando tua gatinha te conta cada detalhe ...<\/p>\n\n\n\n<p>mas n\u00e3o vou, n\u00e3o vou descer ao n\u00edvel sub-humano deles, n\u00e3o vou aderir modos dos sem-cultura, n\u00e3o vou nem conversar com gente que n\u00e3o tem a m\u00ednima educa\u00e7\u00e3o ...<\/p>\n\n\n\n<p>v\u00e3o ignorar a desgra\u00e7a deles e tamb\u00e9m a minha raiva, vou converter essa for\u00e7a em amor e ajudar os animais indefesos mais ainda ....<\/p>\n\n\n\n<p>mas meu desejo fica, que apodre\u00e7am no inferno pele eternidade do universo ... <\/p>\n<\/div>\n<\/div>\n\n\n\n<div class=\"wp-block-columns iibi-row-3 is-layout-flex wp-container-core-columns-is-layout-28f84493 wp-block-columns-is-layout-flex\">\n<div class=\"wp-block-column is-layout-flow wp-block-column-is-layout-flow\"><\/div>\n<\/div>\n<\/div>\n","protected":false},"excerpt":{"rendered":"<p>de resistir da tenta\u00e7\u00e3o, a vontade de bater em adolescentes que atiram pedras em animais \u00e9 imensa, mais ainda quando tua gatinha te conta cada detalhe ... mas n\u00e3o vou, n\u00e3o vou descer ao n\u00edvel sub-humano deles, n\u00e3o vou aderir modos dos sem-cultura, n\u00e3o vou nem conversar com gente que n\u00e3o tem a m\u00ednima educa\u00e7\u00e3o [&hellip;]<\/p>\n","protected":false},"author":1,"featured_media":11411,"comment_status":"open","ping_status":"open","sticky":false,"template":"","format":"standard","meta":{"pgc_sgb_lightbox_settings":"","footnotes":""},"categories":[6],"tags":[],"class_list":["post-11412","post","type-post","status-publish","format-standard","has-post-thumbnail","hentry","category-meus-gatos"],"_links":{"self":[{"href":"https:\/\/diarium.studio-one.art.br\/blog\/wp-json\/wp\/v2\/posts\/11412","targetHints":{"allow":["GET"]}}],"collection":[{"href":"https:\/\/diarium.studio-one.art.br\/blog\/wp-json\/wp\/v2\/posts"}],"about":[{"href":"https:\/\/diarium.studio-one.art.br\/blog\/wp-json\/wp\/v2\/types\/post"}],"author":[{"embeddable":true,"href":"https:\/\/diarium.studio-one.art.br\/blog\/wp-json\/wp\/v2\/users\/1"}],"replies":[{"embeddable":true,"href":"https:\/\/diarium.studio-one.art.br\/blog\/wp-json\/wp\/v2\/comments?post=11412"}],"version-history":[{"count":0,"href":"https:\/\/diarium.studio-one.art.br\/blog\/wp-json\/wp\/v2\/posts\/11412\/revisions"}],"wp:featuredmedia":[{"embeddable":true,"href":"https:\/\/diarium.studio-one.art.br\/blog\/wp-json\/wp\/v2\/media\/11411"}],"wp:attachment":[{"href":"https:\/\/diarium.studio-one.art.br\/blog\/wp-json\/wp\/v2\/media?parent=11412"}],"wp:term":[{"taxonomy":"category","embeddable":true,"href":"https:\/\/diarium.studio-one.art.br\/blog\/wp-json\/wp\/v2\/categories?post=11412"},{"taxonomy":"post_tag","embeddable":true,"href":"https:\/\/diarium.studio-one.art.br\/blog\/wp-json\/wp\/v2\/tags?post=11412"}],"curies":[{"name":"wp","href":"https:\/\/api.w.org\/{rel}","templated":true}]}}